{"id":10287,"date":"2017-03-24T07:33:09","date_gmt":"2017-03-24T07:33:09","guid":{"rendered":"http:\/\/caritasespanola.org\/economiasolidaria\/?p=10287"},"modified":"2017-03-24T07:35:15","modified_gmt":"2017-03-24T07:35:15","slug":"10287","status":"publish","type":"post","link":"https:\/\/caritasespanola.org\/economiasolidaria\/archivos\/10287","title":{"rendered":"Latido Verde de Zaragoza promueve el D\u00eda Mundial del Agua"},"content":{"rendered":"<div id=\"attachment_10289\" style=\"width: 190px\" class=\"wp-caption alignleft\"><a href=\"http:\/\/www.fundacioncaritaszgz.es\/index.php\/proyectos\/empresa-de-insercion-a-todo-trapo\" target=\"_blank\"><img loading=\"lazy\" decoding=\"async\" aria-describedby=\"caption-attachment-10289\" class=\"wp-image-10289 size-medium\" src=\"https:\/\/caritasespanola.org\/economiasolidaria\/wp-content\/uploads\/AGUA-13-180x300.jpg\" alt=\"\" width=\"180\" height=\"300\" srcset=\"https:\/\/caritasespanola.org\/economiasolidaria\/wp-content\/uploads\/AGUA-13-180x300.jpg 180w, https:\/\/caritasespanola.org\/economiasolidaria\/wp-content\/uploads\/AGUA-13-768x1280.jpg 768w, https:\/\/caritasespanola.org\/economiasolidaria\/wp-content\/uploads\/AGUA-13-614x1024.jpg 614w, https:\/\/caritasespanola.org\/economiasolidaria\/wp-content\/uploads\/AGUA-13-150x250.jpg 150w, https:\/\/caritasespanola.org\/economiasolidaria\/wp-content\/uploads\/AGUA-13-360x600.jpg 360w, https:\/\/caritasespanola.org\/economiasolidaria\/wp-content\/uploads\/AGUA-13.jpg 1229w\" sizes=\"auto, (max-width: 180px) 100vw, 180px\" \/><\/a><p id=\"caption-attachment-10289\" class=\"wp-caption-text\">Foto: A Todo Trapo Zaragoza SLU<\/p><\/div>\n<p><a href=\"http:\/\/www.fundacioncaritaszgz.es\/index.php\/proyectos\/empresa-de-insercion-a-todo-trapo\" target=\"_blank\">A Todo Trapo Zaragoza SLU<\/a>, la empresa de inserci\u00f3n impulsada por la Fundaci\u00f3n por la Inclusi\u00f3n Social de C\u00e1ritas Diocesana de Zaragoza, gestiona la tienda <a href=\"http:\/\/www.latidoverde.es\/\" target=\"_blank\">Latido Verde<\/a>, que comercializa ropa y complementos de primera calidad recuperados a trav\u00e9s del proceso de reciclado que esta empresa social lleva a cabo.<\/p>\n<p><a href=\"http:\/\/www.latidoverde.es\/\" target=\"_blank\">Latido Verde<\/a> pretende, entre otras cosas, promover valores de respeto al medio ambiente y de compromiso social. Para ello, todos los elementos que conforman Latido Verde\u00a0est\u00e1n al servicio de la transformaci\u00f3n de la sociedad. En esta ocasi\u00f3n, su escaparate se viste para celebrar el D\u00eda Mundial del Agua.<\/p>\n<p>Para ello, se transform\u00f3 en un trabajo de artesan\u00eda que con delicadeza se fu\u00e9 configurando en un llamamiento al cuidado de este bien esencial, como es el agua, para el desarrollo de todos los pueblos.<\/p>\n<p>La ONU promueve el D\u00eda Mundial del Agua el d\u00eda 22 de marzo con el objetivo de sensibilizar en el cuidado de este bien esencial para la vida.<\/p>\n<p>Este a\u00f1o, Naciones Unidas propone centrar el foco en <em>\u201cel desperdicio del agua y en c\u00f3mo reducir y reutilizar hasta un 80% del agua que malgastamos en nuestras casas particulares, ciudades, industrias y agricultura y que fluye de vuelta a la naturaleza, contaminando el medio ambiente\u201d<\/em>.<\/p>\n<p>Por ello, este organismo internacional propone aumentar la recolecci\u00f3n y tratamiento de las aguas residuales y reciclarlas de una forma segura. Al mismo tiempo, promueve como medida <em>\u201creducir la cantidad de agua que contaminamos y malgastamos para ayudar a proteger el medio ambiente y los recursos h\u00eddricos\u201d<\/em>.<\/p>\n<div id=\"attachment_10290\" style=\"width: 190px\" class=\"wp-caption alignright\"><img loading=\"lazy\" decoding=\"async\" aria-describedby=\"caption-attachment-10290\" class=\"wp-image-10290 size-medium\" src=\"https:\/\/caritasespanola.org\/economiasolidaria\/wp-content\/uploads\/AGUA-18-180x300.jpg\" alt=\"\" width=\"180\" height=\"300\" srcset=\"https:\/\/caritasespanola.org\/economiasolidaria\/wp-content\/uploads\/AGUA-18-180x300.jpg 180w, https:\/\/caritasespanola.org\/economiasolidaria\/wp-content\/uploads\/AGUA-18-768x1280.jpg 768w, https:\/\/caritasespanola.org\/economiasolidaria\/wp-content\/uploads\/AGUA-18-614x1024.jpg 614w, https:\/\/caritasespanola.org\/economiasolidaria\/wp-content\/uploads\/AGUA-18-150x250.jpg 150w, https:\/\/caritasespanola.org\/economiasolidaria\/wp-content\/uploads\/AGUA-18-360x600.jpg 360w, https:\/\/caritasespanola.org\/economiasolidaria\/wp-content\/uploads\/AGUA-18.jpg 1229w\" sizes=\"auto, (max-width: 180px) 100vw, 180px\" \/><p id=\"caption-attachment-10290\" class=\"wp-caption-text\">Foto: A Todo Trapo Zaragoza SLU<\/p><\/div>\n<p>El Objetivo de Desarrollo n\u00famero 6 que sostiene<strong> \u00abGarantizar la disponibilidad de agua y su gesti\u00f3n sostenible y el saneamiento para todos\u00bb<\/strong>, incluye una meta de reducir a la mitad la proporci\u00f3n de agua dilapidada y aumentar su reciclaje.<\/p>\n<p>Entre los datos m\u00e1s destacados por Naciones Unidas se citan los siguientes:<\/p>\n<ul class=\"cp_bullet red\">\n<li>Mundialmente, m\u00e1s del 80% de las aguas residuales que generamos vuelve a los ecosistemas sin ser tratada ni reciclada.<\/li>\n<li>1.800 millones de personas usan una fuente de agua contaminada por material fecal, poni\u00e9ndolas en riesgo de contraer el c\u00f3lera, la disenter\u00eda, el tifus o la polio. El agua no potable, y unas pobres infraestructuras sanitarias, as\u00ed como la falta de higiene, causa alrededor de 842 000 muertes al a\u00f1o.<\/li>\n<li>Las oportunidades de explotar las aguas residuales como un recurso son enormes. El agua tratada de una forma segura es una fuente sostenible y asequible de agua y energ\u00eda, as\u00ed como para obtener nutrientes y otros materiales recuperables.<\/li>\n<\/ul>\n<div id=\"attachment_10292\" style=\"width: 310px\" class=\"wp-caption alignleft\"><a href=\"http:\/\/www.latidoverde.es\/\" target=\"_blank\"><img loading=\"lazy\" decoding=\"async\" aria-describedby=\"caption-attachment-10292\" class=\"wp-image-10292 size-medium\" src=\"https:\/\/caritasespanola.org\/economiasolidaria\/wp-content\/uploads\/AGUA-11-300x180.jpg\" alt=\"\" width=\"300\" height=\"180\" srcset=\"https:\/\/caritasespanola.org\/economiasolidaria\/wp-content\/uploads\/AGUA-11-300x180.jpg 300w, https:\/\/caritasespanola.org\/economiasolidaria\/wp-content\/uploads\/AGUA-11-768x461.jpg 768w, https:\/\/caritasespanola.org\/economiasolidaria\/wp-content\/uploads\/AGUA-11-1024x614.jpg 1024w, https:\/\/caritasespanola.org\/economiasolidaria\/wp-content\/uploads\/AGUA-11-150x90.jpg 150w, https:\/\/caritasespanola.org\/economiasolidaria\/wp-content\/uploads\/AGUA-11-400x240.jpg 400w, https:\/\/caritasespanola.org\/economiasolidaria\/wp-content\/uploads\/AGUA-11.jpg 2048w\" sizes=\"auto, (max-width: 300px) 100vw, 300px\" \/><\/a><p id=\"caption-attachment-10292\" class=\"wp-caption-text\">Foto: A Todo Trapo Zaragoza SLU<\/p><\/div>\n<p><a href=\"http:\/\/www.latidoverde.es\/\" target=\"_blank\">Latido Verde<\/a> quiere sumarse a este llamamiento tomando medidas de ahorro de consumo de agua y cuidando de la instalaci\u00f3n de vertidos de aguas residuales. As\u00ed mismo, a trav\u00e9s de su escaparate invita a todos los ciudadanos a sumarse a esta iniciativa.<\/p>\n<p>Aprovecha esta ocasi\u00f3n para invitar a todos a conocer de cerca este trabajo y todos nuestros productos disponibles para todos los clientes y amigos de <a href=\"http:\/\/www.latidoverde.es\/\" target=\"_blank\">Latido Verde<\/a>.<\/p>\n<p>Puedes encontrar esta tenda en la Calle Mariano Royo n\u00ba 20 de Zaragoza, en horario de 10 a 13.30 y de 16.30 a 20 horas de martes a s\u00e1bado y los lunes s\u00f3lo en horario de tarde.<\/p>\n<p>Tambi\u00e9n puedes seguir nuestras noticias en la web y en la p\u00e1gina de Facebook.<\/p>\n<p><span style=\"text-decoration: underline;\">Fuente<\/span>: Fundaci\u00f3n por la Inclusi\u00f3n Social<\/p>\n","protected":false},"excerpt":{"rendered":"<p>A Todo Trapo Zaragoza SLU, la empresa de inserci\u00f3n impulsada por la Fundaci\u00f3n por la Inclusi\u00f3n Social de C\u00e1ritas Diocesana de Zaragoza, gestiona la tienda Latido Verde, que comercializa ropa y complementos de primera calidad recuperados a trav\u00e9s del proceso de reciclado que esta empresa social lleva a cabo. Latido Verde pretende, entre otras cosas, [&hellip;]<\/p>\n","protected":false},"author":1,"featured_media":10291,"comment_status":"closed","ping_status":"closed","sticky":false,"template":"","format":"standard","meta":{"footnotes":""},"categories":[5,6],"tags":[102,103,79,72,88],"class_list":["post-10287","post","type-post","status-publish","format-standard","hentry","category-consumo-responsable","category-economia-social","tag-consumo-responsable","tag-economia-social","tag-empleo-social","tag-empresas-de-insercion","tag-reciclado"],"_links":{"self":[{"href":"https:\/\/caritasespanola.org\/economiasolidaria\/wp-json\/wp\/v2\/posts\/10287","targetHints":{"allow":["GET"]}}],"collection":[{"href":"https:\/\/caritasespanola.org\/economiasolidaria\/wp-json\/wp\/v2\/posts"}],"about":[{"href":"https:\/\/caritasespanola.org\/economiasolidaria\/wp-json\/wp\/v2\/types\/post"}],"author":[{"embeddable":true,"href":"https:\/\/caritasespanola.org\/economiasolidaria\/wp-json\/wp\/v2\/users\/1"}],"replies":[{"embeddable":true,"href":"https:\/\/caritasespanola.org\/economiasolidaria\/wp-json\/wp\/v2\/comments?post=10287"}],"version-history":[{"count":0,"href":"https:\/\/caritasespanola.org\/economiasolidaria\/wp-json\/wp\/v2\/posts\/10287\/revisions"}],"wp:featuredmedia":[{"embeddable":true,"href":"https:\/\/caritasespanola.org\/economiasolidaria\/wp-json\/wp\/v2\/media\/10291"}],"wp:attachment":[{"href":"https:\/\/caritasespanola.org\/economiasolidaria\/wp-json\/wp\/v2\/media?parent=10287"}],"wp:term":[{"taxonomy":"category","embeddable":true,"href":"https:\/\/caritasespanola.org\/economiasolidaria\/wp-json\/wp\/v2\/categories?post=10287"},{"taxonomy":"post_tag","embeddable":true,"href":"https:\/\/caritasespanola.org\/economiasolidaria\/wp-json\/wp\/v2\/tags?post=10287"}],"curies":[{"name":"wp","href":"https:\/\/api.w.org\/{rel}","templated":true}]}}