{"id":20386,"date":"2023-10-27T14:30:09","date_gmt":"2023-10-27T12:30:09","guid":{"rendered":"https:\/\/caritasespanola.org\/economiasolidaria\/?p=20386"},"modified":"2023-10-27T14:30:09","modified_gmt":"2023-10-27T12:30:09","slug":"30-aniversario-de-mestral-tres-decadas-cuidando-de-las-personas-y-el-medio-ambiente","status":"publish","type":"post","link":"https:\/\/caritasespanola.org\/economiasolidaria\/archivos\/20386","title":{"rendered":"30 aniversario de Mestral: tres d\u00e9cadas cuidando de las personas y el medio ambiente."},"content":{"rendered":"<p style=\"text-align: justify;\"><a href=\"https:\/\/caritasespanola.org\/economiasolidaria\/wp-content\/uploads\/2023\/10\/30-Aniversario-4-scaled.jpg\"><img loading=\"lazy\" decoding=\"async\" class=\"wp-image-20390 alignleft\" src=\"https:\/\/caritasespanola.org\/economiasolidaria\/wp-content\/uploads\/2023\/10\/30-Aniversario-4-scaled.jpg\" alt=\"\" width=\"369\" height=\"264\" srcset=\"https:\/\/caritasespanola.org\/economiasolidaria\/wp-content\/uploads\/2023\/10\/30-Aniversario-4-scaled.jpg 2560w, https:\/\/caritasespanola.org\/economiasolidaria\/wp-content\/uploads\/2023\/10\/30-Aniversario-4-768x551.jpg 768w, https:\/\/caritasespanola.org\/economiasolidaria\/wp-content\/uploads\/2023\/10\/30-Aniversario-4-1536x1101.jpg 1536w, https:\/\/caritasespanola.org\/economiasolidaria\/wp-content\/uploads\/2023\/10\/30-Aniversario-4-2048x1468.jpg 2048w\" sizes=\"auto, (max-width: 369px) 100vw, 369px\" \/><\/a>El proyecto de Econom\u00eda Social <a href=\"https:\/\/mestralmenorca.org\/\" target=\"_blank\" rel=\"noopener\">Mestral de C\u00e1ritas Menorca , \u00a0\u00a0<\/a>ha celebrado hace unos d\u00edas su 30 aniversario. Desde sus inicios y hasta la actualidad con el objetivo de trabajar por el cambio social y el cuidado del medio ambiente, creando oportunidades sociolaborales para personas en situaci\u00f3n de exclusi\u00f3n.<\/p>\n<p style=\"text-align: justify;\">Desde 1993, Mestral ha trabajado incansablemente para abordar los desaf\u00edos sociales y ambientales que han ido apareciendo en su historia, con el objetivo principal de promover el empleo, la sostenibilidad y mejorar la vida de las personas. A lo largo de estos a\u00f1os el proyecto ha evolucionado y diversificado sus iniciativas: la gesti\u00f3n de residuos, las tiendas solidarias, el comercio justo, la agricultura ecol\u00f3gica y la m\u00e1s reciente, la <a href=\"https:\/\/mestralmenorca.org\/primer-dia-dobertura-restaurant-escola-ca-naguedet\/\" target=\"_blank\" rel=\"noopener\">Escuela de Restauraci\u00f3n Ca n&#8217;Aguedet.<\/a><\/p>\n<p style=\"text-align: justify;\">El trabajo en gesti\u00f3n de residuos ha dejado una impronta significativa, m\u00e1s de 28 millones de kilos tratados desde sus inicios, la implantaci\u00f3n de nuevos medios como la gesti\u00f3n integral de los residuos textil o los RAEES (aparatos el\u00e9ctricos y electr\u00f3nicos) o los contenedores de recogida de ropa, 56 en la actualidad, repartidos por cada rinc\u00f3n de Menorca.<\/p>\n<p style=\"text-align: justify;\">M\u00e1s all\u00e1 de ello, el objetivo principal del nacimiento de Mestral es el acompa\u00f1amiento a las personas en situaci\u00f3n vulnerable, el desarrollo social, la formaci\u00f3n, la promoci\u00f3n del empleo, brindando a las personas participantes herramientas para conseguir un mayor bienestar. M\u00e1s de 3.400 personas han pasado por los distintos talleres, programas y formaciones en estas tres d\u00e9cadas.<\/p>\n<p><span style=\"color: #ab1616;\"><strong><a href=\"https:\/\/caritasespanola.org\/economiasolidaria\/wp-content\/uploads\/2023\/10\/30-Aniversario-5-scaled.jpg\"><img loading=\"lazy\" decoding=\"async\" class=\" wp-image-20389 alignright\" src=\"https:\/\/caritasespanola.org\/economiasolidaria\/wp-content\/uploads\/2023\/10\/30-Aniversario-5-scaled.jpg\" alt=\"\" width=\"340\" height=\"286\" srcset=\"https:\/\/caritasespanola.org\/economiasolidaria\/wp-content\/uploads\/2023\/10\/30-Aniversario-5-scaled.jpg 2560w, https:\/\/caritasespanola.org\/economiasolidaria\/wp-content\/uploads\/2023\/10\/30-Aniversario-5-768x645.jpg 768w, https:\/\/caritasespanola.org\/economiasolidaria\/wp-content\/uploads\/2023\/10\/30-Aniversario-5-1536x1291.jpg 1536w, https:\/\/caritasespanola.org\/economiasolidaria\/wp-content\/uploads\/2023\/10\/30-Aniversario-5-2048x1721.jpg 2048w\" sizes=\"auto, (max-width: 340px) 100vw, 340px\" \/><\/a>La celebraci\u00f3n<\/strong><\/span><\/p>\n<p style=\"text-align: justify;\">Mestral ha celebrado este viaje de 30 a\u00f1os con el personal del proyecto, los voluntarios y colaboradores que forman parte del mismo. En el acto hubo un momento especial para la oraci\u00f3n y sinceras palabras de reconocimiento por parte del obispo Gerard Villalonga. En el transcurso de la velada el obispo present\u00f3 el relevo en la direcci\u00f3n de C\u00e1ritas Menorca. El obispo agradeci\u00f3 a Gabriel Pons su dedicaci\u00f3n durante los \u00faltimos 6 a\u00f1os y dio la bienvenida a Lorenzo Mir, quien inicia su nueva etapa en el cargo. Desde C\u00e1ritas le damos la bienvenida y agradecemos su compromiso con la entidad.<\/p>\n<p style=\"text-align: justify;\"><span style=\"color: #ab1616;\"><strong>Mirando al Futuro<\/strong><\/span><\/p>\n<p style=\"text-align: justify;\">Mestral seguir\u00e1 trabajando en sus principales objetivos: el acompa\u00f1amiento de personas en situaci\u00f3n vulnerable y el cuidado del medio ambiente, la econom\u00eda social y circular, as\u00ed como promover un consumo sostenible y responsable, que son parte tambi\u00e9n de nuestro ADN.<\/p>\n<p style=\"text-align: justify;\">Ahora inicia con ilusi\u00f3n el nuevo proyecto Restaurante Escuela Ca n&#8217;Aguedet, que abre las puertas como servicio de servicio de catering, para colectividades y abriendo al p\u00fablico un d\u00eda por semana, los jueves mediod\u00eda, trabajando para la capacitaci\u00f3n de personas en riesgo de exclusi\u00f3n social y luchando contra el desperdicio alimentario. Una nueva d\u00e9cada con renovado entusiasmo y la determinaci\u00f3n de seguir formando parte de la transformaci\u00f3n social y la creaci\u00f3n de una sociedad m\u00e1s solidaria y sostenible.<\/p>\n<p>M\u00e1s informaci\u00f3n: <a href=\"https:\/\/mestralmenorca.org\/celebracio-del-30-aniversari-de-mestral-tres-decades-cuidant-de-les-persones-i-el-medi-ambient\/\" target=\"_blank\" rel=\"noopener\">MESTRAL WEB<\/a> \/ <a href=\"https:\/\/www.facebook.com\/MestralESS\/\" target=\"_blank\" rel=\"noopener\">MESTRAL FACEBOOK<\/a><\/p>\n","protected":false},"excerpt":{"rendered":"<p>El proyecto de Econom\u00eda Social Mestral de C\u00e1ritas Menorca , \u00a0\u00a0ha celebrado hace unos d\u00edas su 30 aniversario. Desde sus inicios y hasta la actualidad con el objetivo de trabajar por el cambio social y el cuidado del medio ambiente, creando oportunidades sociolaborales para personas en situaci\u00f3n de exclusi\u00f3n. Desde 1993, Mestral ha trabajado incansablemente [&hellip;]<\/p>\n","protected":false},"author":2,"featured_media":20388,"comment_status":"closed","ping_status":"closed","sticky":false,"template":"","format":"standard","meta":{"footnotes":""},"categories":[5,6,35],"tags":[],"class_list":["post-20386","post","type-post","status-publish","format-standard","hentry","category-consumo-responsable","category-economia-social","category-economia-solidaria"],"_links":{"self":[{"href":"https:\/\/caritasespanola.org\/economiasolidaria\/wp-json\/wp\/v2\/posts\/20386","targetHints":{"allow":["GET"]}}],"collection":[{"href":"https:\/\/caritasespanola.org\/economiasolidaria\/wp-json\/wp\/v2\/posts"}],"about":[{"href":"https:\/\/caritasespanola.org\/economiasolidaria\/wp-json\/wp\/v2\/types\/post"}],"author":[{"embeddable":true,"href":"https:\/\/caritasespanola.org\/economiasolidaria\/wp-json\/wp\/v2\/users\/2"}],"replies":[{"embeddable":true,"href":"https:\/\/caritasespanola.org\/economiasolidaria\/wp-json\/wp\/v2\/comments?post=20386"}],"version-history":[{"count":0,"href":"https:\/\/caritasespanola.org\/economiasolidaria\/wp-json\/wp\/v2\/posts\/20386\/revisions"}],"wp:featuredmedia":[{"embeddable":true,"href":"https:\/\/caritasespanola.org\/economiasolidaria\/wp-json\/wp\/v2\/media\/20388"}],"wp:attachment":[{"href":"https:\/\/caritasespanola.org\/economiasolidaria\/wp-json\/wp\/v2\/media?parent=20386"}],"wp:term":[{"taxonomy":"category","embeddable":true,"href":"https:\/\/caritasespanola.org\/economiasolidaria\/wp-json\/wp\/v2\/categories?post=20386"},{"taxonomy":"post_tag","embeddable":true,"href":"https:\/\/caritasespanola.org\/economiasolidaria\/wp-json\/wp\/v2\/tags?post=20386"}],"curies":[{"name":"wp","href":"https:\/\/api.w.org\/{rel}","templated":true}]}}