{"id":9155,"date":"2016-08-12T01:00:14","date_gmt":"2016-08-12T01:00:14","guid":{"rendered":"http:\/\/caritasespanola.org\/economiasolidaria\/?p=9155"},"modified":"2016-08-09T07:27:27","modified_gmt":"2016-08-09T07:27:27","slug":"proyecto-comun-textil","status":"publish","type":"post","link":"https:\/\/caritasespanola.org\/economiasolidaria\/archivos\/9155","title":{"rendered":"La actividad de reciclado textil de C\u00e1ritas en la 2 de TVE"},"content":{"rendered":"<p>En el programa A punto Con la 2, de RTVE, el pasado 1 de julio, fue entrevistado nuestro compa\u00f1ero Rub\u00e9n Requena, t\u00e9cnico del Equipo de Econom\u00eda Solidaria de C\u00e1ritas Espa\u00f1ola, quien ha explicado la situaci\u00f3n actual de los proyectos de reciclado textil que, desde varias C\u00e1ritas Diocesanas, se gestionan, ya sea por s\u00ed mismas o a trav\u00e9s de sus entidades vinculadas, como son las <a href=\"https:\/\/caritasespanola.org\/economiasolidaria\/que-es-la-economia-solidaria\/economia-social\/iniciativas-de-la-economia-social-en-caritas\" target=\"_blank\">empresas de inserci\u00f3n, cooperativas y\/o fundaciones<\/a>.<\/p>\n<p>En el video que se puede ver en esta noticia, Rub\u00e9n comenta lo que sucede hoy en Espa\u00f1a con el consumo de la ropa, que sucede con la ropa que ya no usamos, y cu\u00e1l es el mensaje de consumo responsable que desde C\u00e1ritas impulsamos en el marco de la econom\u00eda solidaria.<\/p>\n<div class=\"mceItemVisualAid mceItemLayer\" style=\"width: 100%; padding-top: 64%; position: relative; border-bottom: 1px solid #aaa; display: inline-block; background: rgba(255,255,255,0.9);\">\n<p><iframe loading=\"lazy\" style=\"width: 100%; height: 90%; position: absolute; left: 0; top: 0; overflow: hidden;\" src=\"http:\/\/www.rtve.es\/drmn\/embed\/video\/3651147\" name=\"La ropa usada\" width=\"300\" height=\"150\" frameborder=\"0\" scrolling=\"no\"><\/iframe><\/p>\n<div class=\"mceItemVisualAid mceItemLayer\" style=\"position: absolute; bottom: 0; left: 0; font-family: arial,helvetica,sans-serif; font-size: 12px; line-height: 1.833; display: inline-block; padding: 5px 0 5px 10px;\"><span style=\"float: left; margin-right: 10px;\"><img decoding=\"async\" style=\"height: 20px; width: auto; background: transparent; padding: 0; margin: 0;\" src=\"http:\/\/img.irtve.es\/css\/rtve.commons\/rtve.header.footer\/i\/logoRTVEes.png\" \/><\/span> <a style=\"color: #333; font-weight: bold;\" title=\"La ropa usada - Rub\u00e9n Requena - C\u00e1ritas Espa\u00f1ola\" href=\"http:\/\/www.rtve.es\/alacarta\/videos\/a-punto-con-la-2\/punto-la2-ropausada-01jul\/3651147\/\"><strong>La ropa usada<\/strong><\/a><\/div>\n<\/div>\n<p>Adem\u00e1s de este objetivo, Rub\u00e9n explica que, en cuanto a los proyectos de reciclaje textil, desde C\u00e1ritas se impulsan 23 empresas de inserci\u00f3n vinculadas a esta actividad econ\u00f3mica que est\u00e1n generando unos 500 puestos de trabajo de inserci\u00f3n, procurando as\u00ed\u00a0la generaci\u00f3n de empleo social, principal objetivo que tiene esta labor.<\/p>\n<p>Uno de esos proyectos, es el de la cooperativa Roba Amiga, vinculada a C\u00e1ritas Diocesana de Barcelona, a trav\u00e9s de la Fundaci\u00f3n Formaci\u00f3 i Treball (FIT), cuya experiencia se puede visualizar\u00a0en el\u00a0video referido.<\/p>\n<p>Rub\u00e9n aprovecha la ocasi\u00f3n para comentar tambi\u00e9n los datos del Informe de Econom\u00eda Solidaria 2015, que fueron presentados a fin de abril.<\/p>\n<p>C\u00e1ritas impulsa y difunde la <a href=\"https:\/\/caritasespanola.org\/economiasolidaria\/que-es-la-economia-solidaria\" target=\"_blank\">Econom\u00eda Solidaria<\/a> como otra forma de concebir a la actividad econ\u00f3mica, una en la que la persona est\u00e1 en el centro, donde el principal objetivo es su desarrollo y la satisfacci\u00f3n de sus necesidades, estando la econom\u00eda a su servicio.<\/p>\n<p>Mira el video en la p\u00e1gina web del Programa A punto con la 2 de Radio Televisi\u00f3n Espa\u00f1ola en este <a href=\"http:\/\/www.rtve.es\/alacarta\/videos\/a-punto-con-la-2\/punto-la2-ropausada-01jul\/3651147\/\" target=\"_blank\">enlace<\/a><\/p>\n<p>&nbsp;<\/p>\n","protected":false},"excerpt":{"rendered":"<p>En el programa A punto Con la 2, de RTVE, el pasado 1 de julio, fue entrevistado nuestro compa\u00f1ero Rub\u00e9n Requena, t\u00e9cnico del Equipo de Econom\u00eda Solidaria de C\u00e1ritas Espa\u00f1ola, quien ha explicado la situaci\u00f3n actual de los proyectos de reciclado textil que, desde varias C\u00e1ritas Diocesanas, se gestionan, ya sea por s\u00ed mismas o [&hellip;]<\/p>\n","protected":false},"author":1,"featured_media":9164,"comment_status":"closed","ping_status":"closed","sticky":false,"template":"","format":"standard","meta":{"footnotes":""},"categories":[35],"tags":[74,103,104,79,72,80],"class_list":["post-9155","post","type-post","status-publish","format-standard","hentry","category-economia-solidaria","tag-cooperativas","tag-economia-social","tag-economia-solidaria","tag-empleo-social","tag-empresas-de-insercion","tag-proyecto-textil"],"_links":{"self":[{"href":"https:\/\/caritasespanola.org\/economiasolidaria\/wp-json\/wp\/v2\/posts\/9155","targetHints":{"allow":["GET"]}}],"collection":[{"href":"https:\/\/caritasespanola.org\/economiasolidaria\/wp-json\/wp\/v2\/posts"}],"about":[{"href":"https:\/\/caritasespanola.org\/economiasolidaria\/wp-json\/wp\/v2\/types\/post"}],"author":[{"embeddable":true,"href":"https:\/\/caritasespanola.org\/economiasolidaria\/wp-json\/wp\/v2\/users\/1"}],"replies":[{"embeddable":true,"href":"https:\/\/caritasespanola.org\/economiasolidaria\/wp-json\/wp\/v2\/comments?post=9155"}],"version-history":[{"count":0,"href":"https:\/\/caritasespanola.org\/economiasolidaria\/wp-json\/wp\/v2\/posts\/9155\/revisions"}],"wp:featuredmedia":[{"embeddable":true,"href":"https:\/\/caritasespanola.org\/economiasolidaria\/wp-json\/wp\/v2\/media\/9164"}],"wp:attachment":[{"href":"https:\/\/caritasespanola.org\/economiasolidaria\/wp-json\/wp\/v2\/media?parent=9155"}],"wp:term":[{"taxonomy":"category","embeddable":true,"href":"https:\/\/caritasespanola.org\/economiasolidaria\/wp-json\/wp\/v2\/categories?post=9155"},{"taxonomy":"post_tag","embeddable":true,"href":"https:\/\/caritasespanola.org\/economiasolidaria\/wp-json\/wp\/v2\/tags?post=9155"}],"curies":[{"name":"wp","href":"https:\/\/api.w.org\/{rel}","templated":true}]}}